{"id":22926,"date":"2025-01-25T14:11:29","date_gmt":"2025-01-25T13:11:29","guid":{"rendered":"https:\/\/abm.uksw.edu.pl\/?p=22926"},"modified":"2026-04-13T12:20:46","modified_gmt":"2026-04-13T10:20:46","slug":"zasady-rekrutacji-zdrowie-publiczne-i-zdrowie-miedzynarodowe","status":"publish","type":"post","link":"https:\/\/abm.uksw.edu.pl\/zasady-rekrutacji-zdrowie-publiczne-i-zdrowie-miedzynarodowe\/","title":{"rendered":"Zasady Rekrutacji &#8211; Zdrowie publiczne i zdrowie mi\u0119dzynarodowe"},"content":{"rendered":"\n<p><\/p>\n\n\n\n<h3 class=\"wp-block-heading\"><strong>Zasady Rekrutacji na Studia Podyplomowe \u2013 Wszystko, co musisz wiedzie\u0107<\/strong><\/h3>\n\n\n\n<p>Planujesz rozwija\u0107 swoj\u0105 karier\u0119 w sektorze biomedycznym? Nasze studia podyplomowe to idealna okazja, by poszerzy\u0107 swoje kompetencje i zdoby\u0107 nowe kwalifikacje. Poni\u017cej znajdziesz wszystkie szczeg\u00f3\u0142y dotycz\u0105ce procesu rekrutacji oraz wymaganych dokument\u00f3w.<\/p>\n\n\n\n<hr class=\"wp-block-separator has-alpha-channel-opacity\" \/>\n\n\n\n<h3 class=\"wp-block-heading\"><a>REKRUTACJA NA ROK 2026\/2027<\/a><\/h3>\n\n\n\n<p><img loading=\"lazy\" decoding=\"async\" width=\"5\" height=\"5\" src=\"https:\/\/abm.uksw.edu.pl\/cecc927f-3fe6-4fe6-b776-bb0a3fbb5cb9\">&nbsp;Planowany termin uruchomienia studi\u00f3w: <strong>pa\u017adziernik 2026 r.<\/strong><\/p>\n\n\n\n<p><img loading=\"lazy\" decoding=\"async\" width=\"5\" height=\"5\" src=\"https:\/\/abm.uksw.edu.pl\/d77c83a8-a32b-49b0-9490-5e65379c59c2\">&nbsp;Termin rozpocz\u0119cia internetowej rejestracji: <strong>14 kwietnia 2026 r. \u2013 15 lipca 2026 r.<\/strong><\/p>\n\n\n\n<p><img loading=\"lazy\" decoding=\"async\" width=\"5\" height=\"5\" src=\"https:\/\/abm.uksw.edu.pl\/54f04764-ca5b-468d-b6f2-b2e4bbd1ae7f\">&nbsp;Termin og\u0142oszenia wynik\u00f3w kwalifikacji: <strong>20 lipca 2026 r.<\/strong><\/p>\n\n\n\n<p><img loading=\"lazy\" decoding=\"async\" width=\"5\" height=\"5\" src=\"https:\/\/abm.uksw.edu.pl\/39598b99-d794-40a5-9d85-26f1a7ddcce5\">&nbsp;Termin przyjmowania dokument\u00f3w od os\u00f3b zakwalifikowanych: <strong>3 <\/strong><strong>sierpnia \u2013 7 sierpnia 2026 r.<\/strong><\/p>\n\n\n\n<p><img loading=\"lazy\" decoding=\"async\" width=\"5\" height=\"5\" src=\"https:\/\/abm.uksw.edu.pl\/4d759663-9e76-4949-99a8-f053be37dc54\">&nbsp;Termin og\u0142oszenia listy os\u00f3b przyj\u0119tych na studia podyplomowe: <strong>10 wrze\u015bnia 2026 r.<\/strong><\/p>\n\n\n\n<p><strong>O przyj\u0119ciu na studia podyplomowe decyduje kolejno\u015b\u0107<\/strong> <strong>zg\u0142osze\u0144<\/strong> <strong>(dzie\u0144<\/strong> <strong>i godzina zg\u0142oszenia) przy jednoczesnym spe\u0142nieniu wszystkich wymog\u00f3w formalnych.<\/strong><\/p>\n\n\n\n<h3 class=\"wp-block-heading\"><strong>Dla kogo?<\/strong><\/h3>\n\n\n\n<p>Studia skierowane s\u0105 do os\u00f3b, kt\u00f3re spe\u0142niaj\u0105 <strong>\u0142\u0105cznie wszystkie poni\u017csze warunki<\/strong>:<\/p>\n\n\n\n<p>1\ufe0f\u20e3 <strong>Zatrudnienie w sektorze biomedycznym:<\/strong><br>Osoby zatrudnione w jednym z nast\u0119puj\u0105cych obszar\u00f3w:<\/p>\n\n\n\n<ul class=\"wp-block-list\">\n<li><strong>Podmioty lecznicze<\/strong> (zgodnie z ustaw\u0105 z dnia 15 kwietnia 2011 r. o dzia\u0142alno\u015bci leczniczej),<\/li>\n\n\n\n<li><strong>Zawody medyczne<\/strong>,<\/li>\n\n\n\n<li><strong>Przedsi\u0119biorstwa<\/strong> o profilu farmaceutycznym, wyrob\u00f3w medycznych, rozwi\u0105za\u0144 IT dla sektora ochrony zdrowia, bada\u0144 klinicznych lub biotechnologiczne \u2013 niezale\u017cnie od formy zatrudnienia,<\/li>\n\n\n\n<li><strong>Uczelnie wy\u017csze<\/strong> o profilu biomedycznym,<\/li>\n\n\n\n<li><strong>Administracja systemu ochrony zdrowia i zdrowia publicznego<\/strong> (z wy\u0142\u0105czeniem pracownik\u00f3w Agencji Bada\u0144 Medycznych).<\/li>\n<\/ul>\n\n\n\n<p>2\ufe0f\u20e3 <strong>Wykszta\u0142cenie:<\/strong><br>Absolwenci studi\u00f3w I lub II stopnia, lub jednolitych studi\u00f3w magisterskich.<\/p>\n\n\n\n<p>3\ufe0f\u20e3 <strong>Dobrowolno\u015b\u0107 uczestnictwa:<\/strong><br>Kandydaci, kt\u00f3rzy <strong>dobrowolnie zadeklarowali ch\u0119\u0107 udzia\u0142u<\/strong> \u2013 studia nie mog\u0105 by\u0107 realizowane na zlecenie pracodawcy.<\/p>\n\n\n\n<p>4\ufe0f\u20e3 <strong>Do\u015bwiadczenie zawodowe:<\/strong><br>Minimum <strong>rok do\u015bwiadczenia w sektorze biomedycznym<\/strong>.<\/p>\n\n\n\n<hr class=\"wp-block-separator has-alpha-channel-opacity\" \/>\n\n\n\n<h3 class=\"wp-block-heading\"><strong>Jak si\u0119 zakwalifikowa\u0107?<\/strong><\/h3>\n\n\n\n<p>Aby przyst\u0105pi\u0107 do rekrutacji:<\/p>\n\n\n\n<p>1\ufe0f\u20e3 <strong>Zarejestruj si\u0119 w systemie IRK<\/strong><br>Zapisz si\u0119 w systemie <a href=\"https:\/\/chatgpt.com\/c\/6794ef72-064c-8013-aaef-066b922139f5#\">Internetowej Rejestracji Kandydat\u00f3w (IRK)<\/a>, wype\u0142nij formularz zg\u0142oszeniowy i do\u0142\u0105cz wymagane dokumenty:<\/p>\n\n\n\n<ul class=\"wp-block-list\">\n<li><strong>Skan dyplomu uko\u0144czenia studi\u00f3w wy\u017cszych<\/strong>,<\/li>\n\n\n\n<li><strong>CV w j\u0119zyku polskim<\/strong> (z uwzgl\u0119dnieniem przebiegu zatrudnienia \u2013 miejsca, daty i stanowiska w sektorze biomedycznym),<\/li>\n\n\n\n<li><strong>List motywacyjny<\/strong>,<\/li>\n\n\n\n<li><strong>O\u015bwiadczenie o zatrudnieniu<\/strong> w sektorze biomedycznym i posiadanym do\u015bwiadczeniu zawodowym,<\/li>\n\n\n\n<li><strong>O\u015bwiadczenie o dobrowolnym uczestnictwie w studiach<\/strong>,<\/li>\n\n\n\n<li><strong>Podpisana klauzula RODO<\/strong>.<\/li>\n<\/ul>\n\n\n\n<p>2\ufe0f\u20e3 <strong>Spe\u0142nij kryteria grupy docelowej<\/strong><br>Pami\u0119taj, \u017ce kwalifikacja jest przeznaczona wy\u0142\u0105cznie dla os\u00f3b spe\u0142niaj\u0105cych wszystkie wymagania opisane w sekcji \u201eDla kogo\u201d.<\/p>\n\n\n\n<p>\ud83d\udce9 <strong>Powiadomienie o wynikach kwalifikacji<\/strong><br>Kandydaci zostan\u0105 poinformowani o wynikach drog\u0105 mailow\u0105 (na adres podany w formularzu zg\u0142oszeniowym) oraz za po\u015brednictwem swoich kont w systemie IRK.<\/p>\n\n\n\n<hr class=\"wp-block-separator has-alpha-channel-opacity\" \/>\n\n\n\n<h3 class=\"wp-block-heading\"><strong>Co zrobi\u0107 po zakwalifikowaniu?<\/strong><\/h3>\n\n\n\n<p>Po zakwalifikowaniu masz <strong>7 dni kalendarzowych<\/strong>, aby dostarczy\u0107 osobi\u015bcie lub przes\u0142a\u0107 poczt\u0105 nast\u0119puj\u0105ce dokumenty:<\/p>\n\n\n\n<ul class=\"wp-block-list\">\n<li><strong>Podpisany formularz zg\u0142oszeniowy<\/strong> wygenerowany w IRK,<\/li>\n\n\n\n<li><strong>O\u015bwiadczenie o dobrowolnym uczestnictwie<\/strong>,<\/li>\n\n\n\n<li><strong>Za\u015bwiadczenie pracodawcy<\/strong>, potwierdzaj\u0105ce zatrudnienie w sektorze biomedycznym i wymagane do\u015bwiadczenie zawodowe (lub wydruk z rejestru os\u00f3b wykonuj\u0105cych zawody medyczne),<\/li>\n\n\n\n<li><strong>Kserokopi\u0119 dyplomu uko\u0144czenia studi\u00f3w<\/strong> (wraz z orygina\u0142em do wgl\u0105du lub kopi\u0105 potwierdzon\u0105 notarialnie),<\/li>\n\n\n\n<li><strong>CV<\/strong> (zgodne z wymogami opisanymi wy\u017cej),<\/li>\n\n\n\n<li><strong>List motywacyjny<\/strong>,<\/li>\n\n\n\n<li><strong>Podpisan\u0105 klauzul\u0119 RODO<\/strong>.<\/li>\n<\/ul>\n\n\n\n<p>\ud83d\udccc <strong>Dodatkowe wymagania:<\/strong><\/p>\n\n\n\n<ul class=\"wp-block-list\">\n<li>Dyplomy uzyskane za granic\u0105 musz\u0105 by\u0107 opatrzone <strong>t\u0142umaczeniem przysi\u0119g\u0142ym<\/strong>.<\/li>\n\n\n\n<li>Je\u015bli na dyplomie i dowodzie osobistym widniej\u0105 r\u00f3\u017cne nazwiska, nale\u017cy dostarczy\u0107 dokument potwierdzaj\u0105cy zmian\u0119 nazwiska.<\/li>\n<\/ul>\n\n\n\n<hr class=\"wp-block-separator has-alpha-channel-opacity\" \/>\n\n\n\n<h3 class=\"wp-block-heading\"><strong>Co zrobi\u0107, je\u015bli brakuje dokument\u00f3w?<\/strong><\/h3>\n\n\n\n<p>W przypadku brak\u00f3w w dokumentacji kandydat zostanie poinformowany i poproszony o ich uzupe\u0142nienie w ci\u0105gu <strong>3 dni roboczych<\/strong>.<\/p>\n\n\n\n<hr class=\"wp-block-separator has-alpha-channel-opacity\" \/>\n\n\n\n<h3 class=\"wp-block-heading\"><strong>Gdzie dostarczy\u0107 dokumenty?<\/strong><\/h3>\n\n\n\n<p>Dokumenty nale\u017cy dostarczy\u0107 osobi\u015bcie lub przes\u0142a\u0107 poczt\u0105 (<em>z dopiskiem zawieraj\u0105cym nazw\u0119 studi\u00f3w podyplomowych<\/em>)<br>na adres:<\/p>\n\n\n\n<p>Centrum Kszta\u0142cenia Podyplomowego&nbsp;<\/p>\n\n\n\n<p>Ul.&nbsp;Dewajtis 5 pok. 99<\/p>\n\n\n\n<p>Warszawa 01-815<\/p>\n\n\n\n<p>Za dzie\u0144 z\u0142o\u017cenia dokument\u00f3w w przypadku przesy\u0142ki pocztowej uwa\u017ca si\u0119 dat\u0119 wp\u0142ywu przesy\u0142ki do UKSW<\/p>\n\n\n\n<p>\ud83d\uddd3\ufe0f <strong>Uwaga:<\/strong> Za dzie\u0144 z\u0142o\u017cenia dokument\u00f3w przes\u0142anych poczt\u0105 uznaje si\u0119 dat\u0119 ich wp\u0142ywu do UKSW.<\/p>\n\n\n\n<hr class=\"wp-block-separator has-alpha-channel-opacity\" \/>\n\n\n\n<h3 class=\"wp-block-heading\"><strong>Zasady przyj\u0119cia na studia<\/strong><\/h3>\n\n\n\n<ul class=\"wp-block-list\">\n<li>O przyj\u0119ciu decyduje <strong>kolejno\u015b\u0107 zg\u0142osze\u0144<\/strong> (dzie\u0144 i godzina zg\u0142oszenia w systemie IRK).<\/li>\n\n\n\n<li><strong>Limit miejsc wynosi 30 os\u00f3b<\/strong>.<\/li>\n\n\n\n<li>Kandydaci, kt\u00f3rzy spe\u0142ni\u0105 wszystkie wymagania, ale nie zostan\u0105 przyj\u0119ci z powodu braku miejsc, trafi\u0105 na <strong>list\u0119 rezerwow\u0105<\/strong> (maksymalnie 15 os\u00f3b, czyli 50% og\u00f3lnego limitu miejsc).<\/li>\n\n\n\n<li>Kandydaci z listy rezerwowej mog\u0105 zosta\u0107 wpisani na list\u0119 uczestnik\u00f3w w przypadku zwolnienia miejsc przed rozpocz\u0119ciem zaj\u0119\u0107.<\/li>\n<\/ul>\n\n\n\n<hr class=\"wp-block-separator has-alpha-channel-opacity\" \/>\n\n\n\n<h3 class=\"wp-block-heading\"><strong>Tryb studi\u00f3w<\/strong><\/h3>\n\n\n\n<p>Zaj\u0119cia odbywaj\u0105 si\u0119 w formie weekendowej, co pozwala na pogodzenie nauki z prac\u0105 zawodow\u0105.<\/p>\n\n\n\n<h3 class=\"wp-block-heading\">OP\u0141ATY<\/h3>\n\n\n\n<p>Studia s\u0105 bezp\u0142atne pod warunkiem ich uko\u0144czenia.<\/p>\n\n\n\n<p>Finansowane z projektu \u201eInnowacje biomedyczne \u2013 studia MBA i studia podyplomowe dla wzmocnienia polskiego rynku ochrony zdrowia \u2013 UKSW\u201d nr 2023\/ABM\/06\/00016\/P\/03.<\/p>\n","protected":false},"excerpt":{"rendered":"<p>Zasady Rekrutacji na Studia Podyplomowe \u2013 Wszystko, co musisz wiedzie\u0107 Planujesz rozwija\u0107 swoj\u0105 karier\u0119 w sektorze biomedycznym? Nasze studia podyplomowe to idealna okazja, by poszerzy\u0107 swoje kompetencje i zdoby\u0107 nowe kwalifikacje. Poni\u017cej znajdziesz wszystkie szczeg\u00f3\u0142y dotycz\u0105ce procesu rekrutacji oraz wymaganych dokument\u00f3w. REKRUTACJA NA ROK 2026\/2027 &nbsp;Planowany termin uruchomienia studi\u00f3w: pa\u017adziernik 2026 r. &nbsp;Termin rozpocz\u0119cia internetowej [&hellip;]<\/p>\n","protected":false},"author":625,"featured_media":0,"comment_status":"closed","ping_status":"closed","sticky":false,"template":"","format":"standard","meta":{"_acf_changed":false,"inline_featured_image":false,"footnotes":"","_links_to":"","_links_to_target":""},"categories":[16],"tags":[],"class_list":["post-22926","post","type-post","status-publish","format-standard","hentry","category-zdrowie-publiczne"],"acf":[],"_links":{"self":[{"href":"https:\/\/abm.uksw.edu.pl\/pl\/wp-json\/wp\/v2\/posts\/22926","targetHints":{"allow":["GET"]}}],"collection":[{"href":"https:\/\/abm.uksw.edu.pl\/pl\/wp-json\/wp\/v2\/posts"}],"about":[{"href":"https:\/\/abm.uksw.edu.pl\/pl\/wp-json\/wp\/v2\/types\/post"}],"author":[{"embeddable":true,"href":"https:\/\/abm.uksw.edu.pl\/pl\/wp-json\/wp\/v2\/users\/625"}],"replies":[{"embeddable":true,"href":"https:\/\/abm.uksw.edu.pl\/pl\/wp-json\/wp\/v2\/comments?post=22926"}],"version-history":[{"count":12,"href":"https:\/\/abm.uksw.edu.pl\/pl\/wp-json\/wp\/v2\/posts\/22926\/revisions"}],"predecessor-version":[{"id":23243,"href":"https:\/\/abm.uksw.edu.pl\/pl\/wp-json\/wp\/v2\/posts\/22926\/revisions\/23243"}],"wp:attachment":[{"href":"https:\/\/abm.uksw.edu.pl\/pl\/wp-json\/wp\/v2\/media?parent=22926"}],"wp:term":[{"taxonomy":"category","embeddable":true,"href":"https:\/\/abm.uksw.edu.pl\/pl\/wp-json\/wp\/v2\/categories?post=22926"},{"taxonomy":"post_tag","embeddable":true,"href":"https:\/\/abm.uksw.edu.pl\/pl\/wp-json\/wp\/v2\/tags?post=22926"}],"curies":[{"name":"wp","href":"https:\/\/api.w.org\/{rel}","templated":true}]}}