{"id":22875,"date":"2025-01-24T14:39:14","date_gmt":"2025-01-24T13:39:14","guid":{"rendered":"https:\/\/abm.uksw.edu.pl\/?p=22875"},"modified":"2026-04-13T12:20:19","modified_gmt":"2026-04-13T10:20:19","slug":"zasady-rekrutacji-nowoczesna-farmacja-i-farmakologia-kliniczna-z-elementami-zintegrowanej-opieki-farmaceutycznej","status":"publish","type":"post","link":"https:\/\/abm.uksw.edu.pl\/zasady-rekrutacji-nowoczesna-farmacja-i-farmakologia-kliniczna-z-elementami-zintegrowanej-opieki-farmaceutycznej\/","title":{"rendered":"Zasady Rekrutacji &#8211; Nowoczesna farmacja i\u00a0farmakologia kliniczna z\u00a0elementami zintegrowanej opieki farmaceutycznej"},"content":{"rendered":"\n<p><\/p>\n\n\n\n<h3 class=\"wp-block-heading\">Zasady Rekrutacji na Studia Podyplomowe<\/h3>\n\n\n\n<p>Chcesz rozwija\u0107 swoj\u0105 karier\u0119 w sektorze biomedycznym? Sprawd\u017a, jak \u0142atwo do\u0142\u0105czy\u0107 do grona student\u00f3w naszych studi\u00f3w podyplomowych! Poni\u017cej znajdziesz szczeg\u00f3\u0142owe informacje o procesie rekrutacji oraz wymaganiach dla kandydat\u00f3w.<\/p>\n\n\n\n<hr class=\"wp-block-separator has-alpha-channel-opacity\" \/>\n\n\n\n<h3 class=\"wp-block-heading\"><strong>REKRUTACJA NA ROK 2026\/2027<\/strong><\/h3>\n\n\n\n<ul class=\"wp-block-list\">\n<li><\/li>\n\n\n\n<li><img loading=\"lazy\" decoding=\"async\" width=\"5\" height=\"5\" src=\"https:\/\/abm.uksw.edu.pl\/20e2f570-d135-4b8b-bc10-f39e6ac19a23\">&nbsp;Planowany termin uruchomienia studi\u00f3w: <strong>pa\u017adziernik 2026 r.<\/strong><\/li>\n\n\n\n<li><img loading=\"lazy\" decoding=\"async\" width=\"5\" height=\"5\" src=\"https:\/\/abm.uksw.edu.pl\/b856965d-76b5-4ee6-898d-026dc6495309\">&nbsp;Termin rozpocz\u0119cia internetowej rejestracji: <strong>14 kwietnia 2026 r. \u2013 15 lipca 2026 r.<\/strong><\/li>\n\n\n\n<li><img loading=\"lazy\" decoding=\"async\" width=\"5\" height=\"5\" src=\"https:\/\/abm.uksw.edu.pl\/ba657642-6e0c-4bb8-9188-40e1cd58ba2d\">&nbsp;Termin og\u0142oszenia wynik\u00f3w kwalifikacji: <strong>20 lipca 2026 r.<\/strong><\/li>\n\n\n\n<li><img loading=\"lazy\" decoding=\"async\" width=\"5\" height=\"5\" src=\"https:\/\/abm.uksw.edu.pl\/bac46e04-11bb-4cb8-9b0a-57f8dc3e4d69\">&nbsp;Termin przyjmowania dokument\u00f3w od os\u00f3b zakwalifikowanych: <strong>3 <\/strong><strong>sierpnia \u2013 7 sierpnia 2026 r.<\/strong><\/li>\n\n\n\n<li><img loading=\"lazy\" decoding=\"async\" width=\"5\" height=\"5\" src=\"https:\/\/abm.uksw.edu.pl\/83f0f499-25ed-48e5-8a9c-4c986c6fba2c\">&nbsp;Termin og\u0142oszenia listy os\u00f3b przyj\u0119tych na studia podyplomowe: <strong>10 wrze\u015bnia 2026 r.<\/strong><\/li>\n\n\n\n<li><strong>O przyj\u0119ciu na studia podyplomowe decyduje kolejno\u015b\u0107<\/strong> <strong>zg\u0142osze\u0144<\/strong> <strong>(dzie\u0144<\/strong> <strong>i godzina zg\u0142oszenia) przy jednoczesnym spe\u0142nieniu wszystkich wymog\u00f3w formalnych.<\/strong><\/li>\n<\/ul>\n\n\n\n<h4 class=\"wp-block-heading\"><strong>Dla kogo?<\/strong><\/h4>\n\n\n\n<p>Studia podyplomowe przeznaczone s\u0105 dla os\u00f3b, kt\u00f3re spe\u0142niaj\u0105 <strong>\u0142\u0105cznie wszystkie poni\u017csze warunki<\/strong>:<\/p>\n\n\n\n<p>1\ufe0f\u20e3 <strong>Wykszta\u0142cenie i zaw\u00f3d:<\/strong><\/p>\n\n\n\n<ul class=\"wp-block-list\">\n<li>Posiadaj\u0105 tytu\u0142 <strong>magistra farmacji<\/strong> i wykonuj\u0105 zaw\u00f3d medyczny lub farmaceuty.<\/li>\n<\/ul>\n\n\n\n<p>2\ufe0f\u20e3 <strong>Zatrudnienie w sektorze biomedycznym:<\/strong><br>Osoby zatrudnione w jednym z poni\u017cszych obszar\u00f3w:<\/p>\n\n\n\n<ul class=\"wp-block-list\">\n<li>Podmioty lecznicze (zgodnie z ustaw\u0105 z dnia 15 kwietnia 2011 r. o dzia\u0142alno\u015bci leczniczej),<\/li>\n\n\n\n<li>Zawody medyczne,<\/li>\n\n\n\n<li>Przedsi\u0119biorstwa o profilu farmaceutycznym, wyrob\u00f3w medycznych, rozwi\u0105za\u0144 IT dla sektora ochrony zdrowia, bada\u0144 klinicznych, biotechnologiczne (niezale\u017cnie od formy zatrudnienia),<\/li>\n\n\n\n<li>Uczelnie wy\u017csze o profilu biomedycznym,<\/li>\n\n\n\n<li>Administracja systemu ochrony zdrowia i zdrowia publicznego (z wy\u0142\u0105czeniem pracownik\u00f3w Agencji Bada\u0144 Medycznych).<\/li>\n<\/ul>\n\n\n\n<p>3\ufe0f\u20e3 <strong>Dobrowolno\u015b\u0107 uczestnictwa:<\/strong><\/p>\n\n\n\n<ul class=\"wp-block-list\">\n<li>Uczestnicy musz\u0105 <strong>dobrowolnie zadeklarowa\u0107 ch\u0119\u0107 uczestnictwa<\/strong> w studiach \u2013 studia nie mog\u0105 by\u0107 realizowane na zlecenie pracodawcy.<\/li>\n<\/ul>\n\n\n\n<p>4\ufe0f\u20e3 <strong>Do\u015bwiadczenie zawodowe:<\/strong><\/p>\n\n\n\n<ul class=\"wp-block-list\">\n<li>Posiadaj\u0105 co najmniej <strong>rok do\u015bwiadczenia zawodowego w sektorze farmaceutycznym<\/strong>.<\/li>\n<\/ul>\n\n\n\n<hr class=\"wp-block-separator has-alpha-channel-opacity\" \/>\n\n\n\n<h4 class=\"wp-block-heading\"><strong>Jak si\u0119 zakwalifikowa\u0107?<\/strong><\/h4>\n\n\n\n<p>Aby wzi\u0105\u0107 udzia\u0142 w rekrutacji:<br>1\ufe0f\u20e3 Zarejestruj si\u0119 w systemie <a href=\"https:\/\/chatgpt.com\/c\/6794ef72-064c-8013-aaef-066b922139f5#\">Internetowej Rejestracji Kandydat\u00f3w (IRK)<\/a> w wyznaczonym terminie.<br>2\ufe0f\u20e3 Wype\u0142nij formularz zg\u0142oszeniowy i za\u0142\u0105cz wymagane dokumenty:<\/p>\n\n\n\n<ul class=\"wp-block-list\">\n<li><strong>Skan dyplomu uko\u0144czenia studi\u00f3w wy\u017cszych<\/strong>,<\/li>\n\n\n\n<li><strong>CV w j\u0119zyku polskim<\/strong> (z uwzgl\u0119dnieniem do\u015bwiadczenia w sektorze biomedycznym \u2013 miejsca, daty i stanowiska),<\/li>\n\n\n\n<li><strong>List motywacyjny<\/strong>,<\/li>\n\n\n\n<li><strong>O\u015bwiadczenie o zatrudnieniu<\/strong> w sektorze farmaceutycznym i posiadanym do\u015bwiadczeniu zawodowym,<\/li>\n\n\n\n<li><strong>O\u015bwiadczenie o dobrowolnym uczestnictwie<\/strong>,<\/li>\n\n\n\n<li><strong>Podpisana klauzula RODO<\/strong>.<\/li>\n<\/ul>\n\n\n\n<hr class=\"wp-block-separator has-alpha-channel-opacity\" \/>\n\n\n\n<h4 class=\"wp-block-heading\"><strong>Co dalej po zakwalifikowaniu?<\/strong><\/h4>\n\n\n\n<p>Je\u015bli zostaniesz zakwalifikowany, w ci\u0105gu <strong>7 dni od daty kwalifikacji<\/strong> z\u0142\u00f3\u017c osobi\u015bcie lub prze\u015blij poczt\u0105 nast\u0119puj\u0105ce dokumenty:<\/p>\n\n\n\n<ul class=\"wp-block-list\">\n<li><strong>Podpisany formularz zg\u0142oszeniowy<\/strong> wygenerowany w IRK,<\/li>\n\n\n\n<li><strong>O\u015bwiadczenie o dobrowolnym uczestnictwie<\/strong>,<\/li>\n\n\n\n<li><strong>Za\u015bwiadczenie pracodawcy<\/strong>, potwierdzaj\u0105ce zatrudnienie w sektorze biomedycznym i wymagane do\u015bwiadczenie zawodowe (lub wydruk z rejestru os\u00f3b wykonuj\u0105cych zawody medyczne),<\/li>\n\n\n\n<li><strong>Kserokopi\u0119 dyplomu uko\u0144czenia studi\u00f3w<\/strong> (wraz z orygina\u0142em do wgl\u0105du lub kopi\u0105 potwierdzon\u0105 notarialnie),<\/li>\n\n\n\n<li><strong>CV<\/strong> (zgodne z wymogami opisanymi wy\u017cej),<\/li>\n\n\n\n<li><strong>List motywacyjny<\/strong>,<\/li>\n\n\n\n<li><strong>Podpisan\u0105 klauzul\u0119 RODO<\/strong>.<\/li>\n<\/ul>\n\n\n\n<p>\ud83d\udccc <strong>Dodatkowe wymagania:<\/strong><\/p>\n\n\n\n<ul class=\"wp-block-list\">\n<li>Dyplomy uzyskane za granic\u0105 musz\u0105 by\u0107 opatrzone <strong>t\u0142umaczeniem przysi\u0119g\u0142ym<\/strong>.<\/li>\n\n\n\n<li>Je\u015bli na dyplomie i dowodzie osobistym widniej\u0105 r\u00f3\u017cne nazwiska, nale\u017cy dostarczy\u0107 dokument potwierdzaj\u0105cy zmian\u0119 nazwiska.<\/li>\n<\/ul>\n\n\n\n<hr class=\"wp-block-separator has-alpha-channel-opacity\" \/>\n\n\n\n<h4 class=\"wp-block-heading\"><strong>Co zrobi\u0107, je\u015bli brakuje dokument\u00f3w?<\/strong><\/h4>\n\n\n\n<p>W przypadku brak\u00f3w w dokumentacji kandydat zostanie poproszony o ich uzupe\u0142nienie w ci\u0105gu <strong>3 dni roboczych<\/strong> od otrzymania informacji.<\/p>\n\n\n\n<hr class=\"wp-block-separator has-alpha-channel-opacity\" \/>\n\n\n\n<h4 class=\"wp-block-heading\"><strong>Gdzie dostarczy\u0107 dokumenty?<\/strong><\/h4>\n\n\n\n<p>Dokumenty nale\u017cy dostarczy\u0107 osobi\u015bcie lub przes\u0142a\u0107 poczt\u0105 (<em>z dopiskiem zawieraj\u0105cym nazw\u0119 studi\u00f3w podyplomowych<\/em>)<br>na adres:&nbsp;<\/p>\n\n\n\n<p>Centrum Kszta\u0142cenia Podyplomowego&nbsp;<\/p>\n\n\n\n<p>ul.\u00a0Dewajtis 5 pok. 99<\/p>\n\n\n\n<p>Warszawa 01-815<\/p>\n\n\n\n<p>\ud83d\uddd3\ufe0f <strong>Uwaga:<\/strong> Za dzie\u0144 z\u0142o\u017cenia dokument\u00f3w w przypadku przesy\u0142ki pocztowej uwa\u017ca si\u0119 dat\u0119 wp\u0142ywu do UKSW.<\/p>\n\n\n\n<hr class=\"wp-block-separator has-alpha-channel-opacity\" \/>\n\n\n\n<h4 class=\"wp-block-heading\"><strong>Jak wygl\u0105da selekcja?<\/strong><\/h4>\n\n\n\n<ul class=\"wp-block-list\">\n<li><strong>O przyj\u0119ciu decyduje kolejno\u015b\u0107 zg\u0142osze\u0144<\/strong> (dzie\u0144 i godzina zg\u0142oszenia).<\/li>\n\n\n\n<li>Limit miejsc wynosi <strong>30 os\u00f3b<\/strong>.<\/li>\n\n\n\n<li>Kandydaci, kt\u00f3rzy przeszli pozytywnie rekrutacj\u0119, ale zabrak\u0142o dla nich miejsc, zostan\u0105 wpisani na <strong>list\u0119 rezerwow\u0105<\/strong> (maksymalnie 15 os\u00f3b, czyli 50% limitu miejsc).<\/li>\n\n\n\n<li>Je\u015bli przed rozpocz\u0119ciem studi\u00f3w zwolni\u0105 si\u0119 miejsca, kandydaci z listy rezerwowej b\u0119d\u0105 automatycznie w\u0142\u0105czani na list\u0119 uczestnik\u00f3w.<\/li>\n<\/ul>\n\n\n\n<hr class=\"wp-block-separator has-alpha-channel-opacity\" \/>\n\n\n\n<h4 class=\"wp-block-heading\"><strong>Tryb studi\u00f3w<\/strong><\/h4>\n\n\n\n<p>\ud83d\udcda Zaj\u0119cia b\u0119d\u0105 realizowane w formie weekendowej, dostosowanej do os\u00f3b pracuj\u0105cych.<\/p>\n\n\n\n<h3 class=\"wp-block-heading\">OP\u0141ATY<\/h3>\n\n\n\n<p>Studia s\u0105 bezp\u0142atne, pod warunkiem ich uko\u0144czenia.<\/p>\n\n\n\n<p>Finansowane z projektu \u201eInnowacje biomedyczne \u2013 studia MBA i studia podyplomowe dla wzmocnienia polskiego rynku ochrony zdrowia \u2013 UKSW\u201d nr 2023\/ABM\/06\/00016\/P\/03.<\/p>\n","protected":false},"excerpt":{"rendered":"<p>Zasady Rekrutacji na Studia Podyplomowe Chcesz rozwija\u0107 swoj\u0105 karier\u0119 w sektorze biomedycznym? Sprawd\u017a, jak \u0142atwo do\u0142\u0105czy\u0107 do grona student\u00f3w naszych studi\u00f3w podyplomowych! Poni\u017cej znajdziesz szczeg\u00f3\u0142owe informacje o procesie rekrutacji oraz wymaganiach dla kandydat\u00f3w. REKRUTACJA NA ROK 2026\/2027 Dla kogo? Studia podyplomowe przeznaczone s\u0105 dla os\u00f3b, kt\u00f3re spe\u0142niaj\u0105 \u0142\u0105cznie wszystkie poni\u017csze warunki: 1\ufe0f\u20e3 Wykszta\u0142cenie i zaw\u00f3d: [&hellip;]<\/p>\n","protected":false},"author":625,"featured_media":0,"comment_status":"closed","ping_status":"closed","sticky":false,"template":"","format":"standard","meta":{"_acf_changed":false,"inline_featured_image":false,"footnotes":"","_links_to":"","_links_to_target":""},"categories":[15],"tags":[],"class_list":["post-22875","post","type-post","status-publish","format-standard","hentry","category-farmacja"],"acf":[],"_links":{"self":[{"href":"https:\/\/abm.uksw.edu.pl\/pl\/wp-json\/wp\/v2\/posts\/22875","targetHints":{"allow":["GET"]}}],"collection":[{"href":"https:\/\/abm.uksw.edu.pl\/pl\/wp-json\/wp\/v2\/posts"}],"about":[{"href":"https:\/\/abm.uksw.edu.pl\/pl\/wp-json\/wp\/v2\/types\/post"}],"author":[{"embeddable":true,"href":"https:\/\/abm.uksw.edu.pl\/pl\/wp-json\/wp\/v2\/users\/625"}],"replies":[{"embeddable":true,"href":"https:\/\/abm.uksw.edu.pl\/pl\/wp-json\/wp\/v2\/comments?post=22875"}],"version-history":[{"count":10,"href":"https:\/\/abm.uksw.edu.pl\/pl\/wp-json\/wp\/v2\/posts\/22875\/revisions"}],"predecessor-version":[{"id":23242,"href":"https:\/\/abm.uksw.edu.pl\/pl\/wp-json\/wp\/v2\/posts\/22875\/revisions\/23242"}],"wp:attachment":[{"href":"https:\/\/abm.uksw.edu.pl\/pl\/wp-json\/wp\/v2\/media?parent=22875"}],"wp:term":[{"taxonomy":"category","embeddable":true,"href":"https:\/\/abm.uksw.edu.pl\/pl\/wp-json\/wp\/v2\/categories?post=22875"},{"taxonomy":"post_tag","embeddable":true,"href":"https:\/\/abm.uksw.edu.pl\/pl\/wp-json\/wp\/v2\/tags?post=22875"}],"curies":[{"name":"wp","href":"https:\/\/api.w.org\/{rel}","templated":true}]}}