{"id":22864,"date":"2025-01-24T14:30:26","date_gmt":"2025-01-24T13:30:26","guid":{"rendered":"https:\/\/abm.uksw.edu.pl\/?p=22864"},"modified":"2025-01-25T14:53:55","modified_gmt":"2025-01-25T13:53:55","slug":"o-kierunku","status":"publish","type":"post","link":"https:\/\/abm.uksw.edu.pl\/o-kierunku\/","title":{"rendered":"O kierunku &#8211; Nowoczesna farmacja i\u00a0farmakologia kliniczna z\u00a0elementami zintegrowanej opieki farmaceutycznej"},"content":{"rendered":"\n<p><\/p>\n\n\n\n<p><strong>Studia Podyplomowe: Nowoczesna Farmacja i Farmakologia Kliniczna z Elementami Zintegrowanej Opieki Farmaceutycznej<\/strong><\/p>\n\n\n\n<p><strong>Rozwijaj swoje kompetencje i podnie\u015b jako\u015b\u0107 opieki farmaceutycznej<\/strong><\/p>\n\n\n\n<p>Program studi\u00f3w podyplomowych <strong>&#8222;Nowoczesna farmacja i farmakologia kliniczna z elementami zintegrowanej opieki farmaceutycznej&#8221;<\/strong> zosta\u0142 stworzony z my\u015bl\u0105 o farmaceutach pragn\u0105cych rozszerzy\u0107 swoje kompetencje zawodowe. Celem programu jest przygotowanie farmaceut\u00f3w do podejmowania odpowiedzialnych decyzji zawodowych, w tym bezpiecznego wystawiania recept <strong>pro auctore<\/strong> i <strong>pro familia<\/strong>, a tak\u017ce udzielania profesjonalnych porad farmaceutycznych na podstawie informacji klinicznych dostarczonych przez pacjent\u00f3w.<\/p>\n\n\n\n<h3 class=\"wp-block-heading\"><strong>Dlaczego warto wybra\u0107 te studia?<\/strong><\/h3>\n\n\n\n<p>Studia te umo\u017cliwiaj\u0105:<\/p>\n\n\n\n<ul class=\"wp-block-list\">\n<li><strong>Rozszerzenie kompetencji zawodowych<\/strong> w zakresie racjonalnej i indywidualnej farmakoterapii.<\/li>\n\n\n\n<li><strong>Zdobycie wiedzy i umiej\u0119tno\u015bci<\/strong> nieosi\u0105galnych na standardowych studiach magisterskich na kierunku farmacja.<\/li>\n\n\n\n<li><strong>Przygotowanie do wyzwa\u0144 zawodowych<\/strong> zar\u00f3wno w aptekach og\u00f3lnodost\u0119pnych, jak i na oddzia\u0142ach szpitalnych.<\/li>\n\n\n\n<li><strong>Efektywne wspieranie pacjent\u00f3w<\/strong> w sytuacjach utrudnionej konsultacji lekarskiej poprzez \u015bwiadczenie kompleksowych porad farmaceutycznych.<\/li>\n<\/ul>\n\n\n\n<h3 class=\"wp-block-heading\"><strong>G\u0142\u00f3wne cele programu<\/strong><\/h3>\n\n\n\n<ol class=\"wp-block-list\">\n<li><strong>Profesjonalizacja farmaceut\u00f3w<\/strong> poprzez pog\u0142\u0119bienie wiedzy z zakresu farmakologii klinicznej i opieki farmaceutycznej.<\/li>\n\n\n\n<li><strong>Przygotowanie do odpowiedzialnego przed\u0142u\u017cania terapii<\/strong> zaleconych przez lekarzy.<\/li>\n\n\n\n<li><strong>Zapewnienie bezpiecze\u0144stwa i skuteczno\u015bci farmakoterapii<\/strong> z uwzgl\u0119dnieniem indywidualnych potrzeb pacjent\u00f3w.<\/li>\n\n\n\n<li><strong>Zapoznanie z uwarunkowaniami prawno-ekonomicznymi<\/strong> reguluj\u0105cymi prowadzenie farmakoterapii.<\/li>\n\n\n\n<li><strong>Rozw\u00f3j umiej\u0119tno\u015bci w komunikacji<\/strong> z pacjentem, budowaniu zaufania oraz edukacji zdrowotnej.<\/li>\n<\/ol>\n\n\n\n<h3 class=\"wp-block-heading\"><strong>Program studi\u00f3w<\/strong><\/h3>\n\n\n\n<p>Studia trwaj\u0105 <strong>2 semestry (rok)<\/strong> i obejmuj\u0105 <strong>180 godzin dydaktycznych<\/strong>, w tym:<\/p>\n\n\n\n<ul class=\"wp-block-list\">\n<li><strong>80 godzin wyk\u0142ad\u00f3w<\/strong> (teoria).<\/li>\n\n\n\n<li><strong>100 godzin zaj\u0119\u0107 praktycznych<\/strong> (warsztaty i symulacje kliniczne).<\/li>\n<\/ul>\n\n\n\n<p>Program podzielony jest na trzy modu\u0142y:<\/p>\n\n\n\n<ol class=\"wp-block-list\">\n<li><strong>Modu\u0142 I: Og\u00f3lny<\/strong>\n<ul class=\"wp-block-list\">\n<li>Podstawowe zagadnienia z zakresu farmacji i farmakologii klinicznej.<\/li>\n<\/ul>\n<\/li>\n\n\n\n<li><strong>Modu\u0142 II: Specjalistyczny<\/strong>\n<ul class=\"wp-block-list\">\n<li><strong>Wprowadzenie do opieki farmaceutycznej<\/strong>.<\/li>\n\n\n\n<li><strong>Komunikacja z pacjentem<\/strong>.<\/li>\n\n\n\n<li><strong>Farmakologia kliniczna, farmakokinetyka i farmakodynamika<\/strong>.<\/li>\n\n\n\n<li>Wykorzystanie narz\u0119dzi IT, w tym sztucznej inteligencji (AI), w farmacji.<\/li>\n\n\n\n<li><strong>Przepisywanie lek\u00f3w<\/strong> w chorobach przewlek\u0142ych.<\/li>\n\n\n\n<li>Optymalizacja farmakoterapii i us\u0142ugi opieki farmaceutycznej w aptekach og\u00f3lnodost\u0119pnych oraz klinicznych.<\/li>\n<\/ul>\n<\/li>\n\n\n\n<li><strong>Modu\u0142 III: Praktyczny<\/strong>\n<ul class=\"wp-block-list\">\n<li>Rozwi\u0105zywanie z\u0142o\u017conych przypadk\u00f3w klinicznych.<\/li>\n\n\n\n<li>Praca zespo\u0142owa w grupach polskich i mi\u0119dzynarodowych.<\/li>\n\n\n\n<li>Symulacje sytuacji klinicznych oraz case study.<\/li>\n<\/ul>\n<\/li>\n<\/ol>\n\n\n\n<h3 class=\"wp-block-heading\"><strong>Forma kszta\u0142cenia<\/strong><\/h3>\n\n\n\n<p>Studia prowadzone s\u0105 w formie hybrydowej:<\/p>\n\n\n\n<ul class=\"wp-block-list\">\n<li><strong>Cz\u0119\u015b\u0107 teoretyczna<\/strong>: Wyk\u0142ady i seminaria online prowadzone przez specjalist\u00f3w z dziedziny nauk medycznych i zdrowotnych. Zaj\u0119cia odbywaj\u0105 si\u0119 w formie synchronicznej, co pozwala na interakcj\u0119 z prowadzi\u0105cymi, a materia\u0142y s\u0105 dost\u0119pne na platformie Moodle.<\/li>\n\n\n\n<li><strong>Cz\u0119\u015b\u0107 praktyczna<\/strong>: Zjazdy stacjonarne, podczas kt\u00f3rych uczestnicy pracuj\u0105 w ma\u0142ych grupach nad przypadkami klinicznymi i symulacjami.<\/li>\n<\/ul>\n\n\n\n<p>Zaj\u0119cia odbywaj\u0105 si\u0119 \u015brednio dwa razy w miesi\u0105cu:<\/p>\n\n\n\n<ul class=\"wp-block-list\">\n<li>Pi\u0105tki: 4 godziny.<\/li>\n\n\n\n<li>Soboty: 8 godzin.<\/li>\n<\/ul>\n\n\n\n<h3 class=\"wp-block-heading\"><strong>Metody nauczania<\/strong><\/h3>\n\n\n\n<p>Program wykorzystuje metod\u0119 <strong>reflective thinking<\/strong>, kt\u00f3ra zach\u0119ca farmaceut\u00f3w do krytycznego analizowania swoich dzia\u0142a\u0144, ci\u0105g\u0142ego doskonalenia porad oraz wdra\u017cania najlepszych praktyk.<\/p>\n\n\n\n<p>Studenci maj\u0105 dost\u0119p do:<\/p>\n\n\n\n<ul class=\"wp-block-list\">\n<li>Nowoczesnych narz\u0119dzi dydaktycznych i IT.<\/li>\n\n\n\n<li>Praktycznych warsztat\u00f3w z realnymi przypadkami klinicznymi.<\/li>\n<\/ul>\n\n\n\n<h3 class=\"wp-block-heading\"><strong>Korzy\u015bci dla absolwent\u00f3w<\/strong><\/h3>\n\n\n\n<p>Po uko\u0144czeniu studi\u00f3w absolwent:<\/p>\n\n\n\n<ul class=\"wp-block-list\">\n<li><strong>Bezpiecznie przepisuje leki<\/strong> i przed\u0142u\u017ca terapie w chorobach przewlek\u0142ych.<\/li>\n\n\n\n<li><strong>Profesjonalnie doradza pacjentom<\/strong> w zakresie dawkowania, skutk\u00f3w ubocznych i interakcji mi\u0119dzy lekami.<\/li>\n\n\n\n<li>Monitoruje farmakoterapi\u0119, zapewniaj\u0105c jej skuteczno\u015b\u0107 i bezpiecze\u0144stwo.<\/li>\n\n\n\n<li>Rozpoznaje pogorszenie stanu zdrowia pacjenta i reaguje w odpowiedni spos\u00f3b.<\/li>\n\n\n\n<li>Buduje trwa\u0142e relacje z pacjentami, wykorzystuj\u0105c efektywne narz\u0119dzia komunikacji.<\/li>\n\n\n\n<li>Wdra\u017ca zasady medycyny opartej na dowodach naukowych (EBM).<\/li>\n\n\n\n<li>Przyczynia si\u0119 do poprawy jako\u015bci \u017cycia pacjent\u00f3w oraz efektywno\u015bci systemu ochrony zdrowia.<\/li>\n<\/ul>\n\n\n\n<h3 class=\"wp-block-heading\"><strong>Warunki uko\u0144czenia studi\u00f3w<\/strong><\/h3>\n\n\n\n<p>Studia ko\u0144cz\u0105 si\u0119 uzyskaniem <strong>\u015bwiadectwa uko\u0144czenia studi\u00f3w podyplomowych<\/strong>, po pozytywnym zdaniu egzaminu ko\u0144cowego.<\/p>\n\n\n\n<p><strong>Do\u0142\u0105cz do programu, kt\u00f3ry wyposa\u017cy Ci\u0119 w wiedz\u0119 i umiej\u0119tno\u015bci niezb\u0119dne w nowoczesnej farmacji klinicznej. Zmie\u0144 postrzeganie zawodu farmaceuty i podnie\u015b jako\u015b\u0107 \u017cycia swoich pacjent\u00f3w!<\/strong><\/p>\n","protected":false},"excerpt":{"rendered":"<p>Studia Podyplomowe: Nowoczesna Farmacja i Farmakologia Kliniczna z Elementami Zintegrowanej Opieki Farmaceutycznej Rozwijaj swoje kompetencje i podnie\u015b jako\u015b\u0107 opieki farmaceutycznej Program studi\u00f3w podyplomowych &#8222;Nowoczesna farmacja i farmakologia kliniczna z elementami zintegrowanej opieki farmaceutycznej&#8221; zosta\u0142 stworzony z my\u015bl\u0105 o farmaceutach pragn\u0105cych rozszerzy\u0107 swoje kompetencje zawodowe. Celem programu jest przygotowanie farmaceut\u00f3w do podejmowania odpowiedzialnych decyzji zawodowych, w [&hellip;]<\/p>\n","protected":false},"author":625,"featured_media":0,"comment_status":"closed","ping_status":"closed","sticky":false,"template":"","format":"standard","meta":{"_acf_changed":false,"inline_featured_image":false,"footnotes":"","_links_to":"","_links_to_target":""},"categories":[15],"tags":[],"class_list":["post-22864","post","type-post","status-publish","format-standard","hentry","category-farmacja"],"acf":[],"_links":{"self":[{"href":"https:\/\/abm.uksw.edu.pl\/pl\/wp-json\/wp\/v2\/posts\/22864","targetHints":{"allow":["GET"]}}],"collection":[{"href":"https:\/\/abm.uksw.edu.pl\/pl\/wp-json\/wp\/v2\/posts"}],"about":[{"href":"https:\/\/abm.uksw.edu.pl\/pl\/wp-json\/wp\/v2\/types\/post"}],"author":[{"embeddable":true,"href":"https:\/\/abm.uksw.edu.pl\/pl\/wp-json\/wp\/v2\/users\/625"}],"replies":[{"embeddable":true,"href":"https:\/\/abm.uksw.edu.pl\/pl\/wp-json\/wp\/v2\/comments?post=22864"}],"version-history":[{"count":7,"href":"https:\/\/abm.uksw.edu.pl\/pl\/wp-json\/wp\/v2\/posts\/22864\/revisions"}],"predecessor-version":[{"id":22962,"href":"https:\/\/abm.uksw.edu.pl\/pl\/wp-json\/wp\/v2\/posts\/22864\/revisions\/22962"}],"wp:attachment":[{"href":"https:\/\/abm.uksw.edu.pl\/pl\/wp-json\/wp\/v2\/media?parent=22864"}],"wp:term":[{"taxonomy":"category","embeddable":true,"href":"https:\/\/abm.uksw.edu.pl\/pl\/wp-json\/wp\/v2\/categories?post=22864"},{"taxonomy":"post_tag","embeddable":true,"href":"https:\/\/abm.uksw.edu.pl\/pl\/wp-json\/wp\/v2\/tags?post=22864"}],"curies":[{"name":"wp","href":"https:\/\/api.w.org\/{rel}","templated":true}]}}