{"id":22207,"date":"2023-08-07T07:19:48","date_gmt":"2023-08-07T05:19:48","guid":{"rendered":"https:\/\/jednostki.uksw.edu.pl\/abm\/?p=22207"},"modified":"2023-08-07T07:19:50","modified_gmt":"2023-08-07T05:19:50","slug":"naukowcy-z-uksw-z-projektami-spoleczna-odpowiedzialnosc-nauki-ii","status":"publish","type":"post","link":"https:\/\/abm.uksw.edu.pl\/naukowcy-z-uksw-z-projektami-spoleczna-odpowiedzialnosc-nauki-ii\/","title":{"rendered":"Naukowcy z UKSW z projektami Spo\u0142eczna Odpowiedzialno\u015b\u0107 Nauki II"},"content":{"rendered":"\n<p>Naukowcy z Uniwersytetu Kardyna\u0142a Stefana Wyszy\u0144skiego znale\u017ali si\u0119 w\u015br\u00f3d laureat\u00f3w pierwszego konkursu w ramach programu Spo\u0142eczna Odpowiedzialno\u015b\u0107 Nauki II, kt\u00f3rego organizatorem jest Ministerstwo Edukacji i Nauki. \u0141\u0105czny bud\u017cet dw\u00f3ch zwyci\u0119skich projekt\u00f3w badawczych to 700 000 z\u0142.<\/p>\n\n\n\n<p>Finansowanie przeznaczone b\u0119dzie na realizacj\u0119 nast\u0119puj\u0105cych bada\u0144 naukowych:<\/p>\n\n\n\n<ul class=\"wp-block-list\">\n<li><em>Unia Europejska wobec konflikt\u00f3w zbrojnych, ze szczeg\u00f3lnym uwzgl\u0119dnieniem konfliktu w Ukrainie <\/em> &#8211; prof. dr hab. Cezary Mik, Wydzia\u0142 Prawa i Administracji, Instytut Nauk Prawnych, 500 000 z\u0142;<\/li>\n\n\n\n<li> Personalistyczny model teologii w s\u0142u\u017cbie komunikacji mi\u0119dzyosobowej &#8211; dr hab. Dominika \u017bukowska-Gardzi\u0144ska, prof. uczelni, Wydzia\u0142 Teologiczny, Instytut Nauk Teologicznych, 200 000 z\u0142.<\/li>\n<\/ul>\n","protected":false},"excerpt":{"rendered":"<p>Naukowcy z Uniwersytetu Kardyna\u0142a Stefana Wyszy\u0144skiego znale\u017ali si\u0119 w\u015br\u00f3d laureat\u00f3w pierwszego konkursu w ramach programu Spo\u0142eczna Odpowiedzialno\u015b\u0107 Nauki II, kt\u00f3rego organizatorem jest Ministerstwo Edukacji i Nauki. \u0141\u0105czny bud\u017cet dw\u00f3ch zwyci\u0119skich projekt\u00f3w badawczych to 700 000 z\u0142. Finansowanie przeznaczone b\u0119dzie na realizacj\u0119 nast\u0119puj\u0105cych bada\u0144 naukowych:<\/p>\n","protected":false},"author":26,"featured_media":22073,"comment_status":"open","ping_status":"open","sticky":false,"template":"","format":"standard","meta":{"_acf_changed":false,"inline_featured_image":false,"footnotes":"","_links_to":"","_links_to_target":""},"categories":[1,9],"tags":[],"class_list":["post-22207","post","type-post","status-publish","format-standard","has-post-thumbnail","hentry","category-aktualnosci","category-konkursy"],"acf":[],"_links":{"self":[{"href":"https:\/\/abm.uksw.edu.pl\/pl\/wp-json\/wp\/v2\/posts\/22207","targetHints":{"allow":["GET"]}}],"collection":[{"href":"https:\/\/abm.uksw.edu.pl\/pl\/wp-json\/wp\/v2\/posts"}],"about":[{"href":"https:\/\/abm.uksw.edu.pl\/pl\/wp-json\/wp\/v2\/types\/post"}],"author":[{"embeddable":true,"href":"https:\/\/abm.uksw.edu.pl\/pl\/wp-json\/wp\/v2\/users\/26"}],"replies":[{"embeddable":true,"href":"https:\/\/abm.uksw.edu.pl\/pl\/wp-json\/wp\/v2\/comments?post=22207"}],"version-history":[{"count":3,"href":"https:\/\/abm.uksw.edu.pl\/pl\/wp-json\/wp\/v2\/posts\/22207\/revisions"}],"predecessor-version":[{"id":22210,"href":"https:\/\/abm.uksw.edu.pl\/pl\/wp-json\/wp\/v2\/posts\/22207\/revisions\/22210"}],"wp:featuredmedia":[{"embeddable":true,"href":"https:\/\/abm.uksw.edu.pl\/pl\/wp-json\/wp\/v2\/media\/22073"}],"wp:attachment":[{"href":"https:\/\/abm.uksw.edu.pl\/pl\/wp-json\/wp\/v2\/media?parent=22207"}],"wp:term":[{"taxonomy":"category","embeddable":true,"href":"https:\/\/abm.uksw.edu.pl\/pl\/wp-json\/wp\/v2\/categories?post=22207"},{"taxonomy":"post_tag","embeddable":true,"href":"https:\/\/abm.uksw.edu.pl\/pl\/wp-json\/wp\/v2\/tags?post=22207"}],"curies":[{"name":"wp","href":"https:\/\/api.w.org\/{rel}","templated":true}]}}